{"id":14615,"date":"2021-01-17T11:04:43","date_gmt":"2021-01-17T11:04:43","guid":{"rendered":"https:\/\/www.alhakaek.org\/?p=14615"},"modified":"2021-01-17T11:04:43","modified_gmt":"2021-01-17T11:04:43","slug":"alexandre-najjar-recoit-le-grand-prix-de-la-francophonie","status":"publish","type":"post","link":"https:\/\/elhakaek.com\/?p=14615","title":{"rendered":"Alexandre Najjar re\u00e7oit le Grand Prix de la Francophonie"},"content":{"rendered":"<p style=\"text-align: left;\">L&#8217;Acad\u00e9mie fran\u00e7aise, au cours de sa s\u00e9ance du 14 janvier, a choisi de d\u00e9cerner le Grand Prix de la Francophonie \u00e0 Alexandre Najjar. Ce prix couronne \u00ab l\u2019\u0153uvre d\u2019une personne physique francophone qui, dans son pays ou \u00e0 l\u2019\u00e9chelle internationale, aura contribu\u00e9 de fa\u00e7on \u00e9minente au maintien et \u00e0 l\u2019illustration de la langue fran\u00e7aise<\/p>\n","protected":false},"excerpt":{"rendered":"<p>L&#8217;Acad\u00e9mie fran\u00e7aise, au cours de sa s\u00e9ance du 14 janvier, a choisi de d\u00e9cerner le Grand Prix de la Francophonie \u00e0 Alexandre Najjar. Ce prix couronne \u00ab l\u2019\u0153uvre d\u2019une personne physique francophone qui, dans son pays ou \u00e0 l\u2019\u00e9chelle internationale, aura contribu\u00e9 de fa\u00e7on \u00e9minente au maintien et \u00e0 l\u2019illustration de la langue fran\u00e7aise<\/p>\n","protected":false},"author":2,"featured_media":14616,"comment_status":"closed","ping_status":"closed","sticky":false,"template":"","format":"standard","meta":{"footnotes":""},"categories":[8],"tags":[],"class_list":["post-14615","post","type-post","status-publish","format-standard","has-post-thumbnail","hentry","category-8"],"_links":{"self":[{"href":"https:\/\/elhakaek.com\/index.php?rest_route=\/wp\/v2\/posts\/14615","targetHints":{"allow":["GET"]}}],"collection":[{"href":"https:\/\/elhakaek.com\/index.php?rest_route=\/wp\/v2\/posts"}],"about":[{"href":"https:\/\/elhakaek.com\/index.php?rest_route=\/wp\/v2\/types\/post"}],"author":[{"embeddable":true,"href":"https:\/\/elhakaek.com\/index.php?rest_route=\/wp\/v2\/users\/2"}],"replies":[{"embeddable":true,"href":"https:\/\/elhakaek.com\/index.php?rest_route=%2Fwp%2Fv2%2Fcomments&post=14615"}],"version-history":[{"count":0,"href":"https:\/\/elhakaek.com\/index.php?rest_route=\/wp\/v2\/posts\/14615\/revisions"}],"wp:featuredmedia":[{"embeddable":true,"href":"https:\/\/elhakaek.com\/index.php?rest_route=\/"}],"wp:attachment":[{"href":"https:\/\/elhakaek.com\/index.php?rest_route=%2Fwp%2Fv2%2Fmedia&parent=14615"}],"wp:term":[{"taxonomy":"category","embeddable":true,"href":"https:\/\/elhakaek.com\/index.php?rest_route=%2Fwp%2Fv2%2Fcategories&post=14615"},{"taxonomy":"post_tag","embeddable":true,"href":"https:\/\/elhakaek.com\/index.php?rest_route=%2Fwp%2Fv2%2Ftags&post=14615"}],"curies":[{"name":"wp","href":"https:\/\/api.w.org\/{rel}","templated":true}]}}